{"id":718,"date":"2018-11-01T22:56:58","date_gmt":"2018-11-01T21:56:58","guid":{"rendered":"https:\/\/piemmechiemme.com\/?p=718"},"modified":"2018-11-01T22:58:09","modified_gmt":"2018-11-01T21:58:09","slug":"svi-umiremo-ali-malo-nas-zivi","status":"publish","type":"post","link":"https:\/\/piemmechiemme.com\/index.php\/2018\/11\/01\/svi-umiremo-ali-malo-nas-zivi\/","title":{"rendered":"Svi umiremo, ali malo nas \u017eivi"},"content":{"rendered":"<p style=\"text-align: justify;\">Svakodnevno razgovaram sa raznim ljudima. Vi koji mi komentari\u0161ete pri\u010de, pi\u0161ete u vezi sa kaputi\u0107em ili komentari\u0161ete statuse na mom profilu; Sa ljudima koje dugo poznajem, sa prijateljima, poznanicima, sa onima sa kojima sara\u0111ujem\u2026Nisam upoznala nikoga ko ne voli i ne \u017eeli slobodu, ali mnogi nisu dovoljno hrabri za nju. Lak\u0161e je ma\u0161tati o slobodi, nego se boriti za nju ili \u017eiveti slobodno. Koliko je krhka sloboda i koliko je lako gubimo a te\u0161ko osvojimo, shvatimo onda kad je nestane i obi\u010dno bude prekasno.<\/p>\n<p><img loading=\"lazy\" decoding=\"async\" class=\"aligncenter size-medium wp-image-721\" src=\"https:\/\/piemmechiemme.com\/wp-content\/uploads\/2018\/11\/653e14b3622a5507307ad58d4e6941b2-300x273.jpg\" alt=\"kau\u010d\" width=\"300\" height=\"273\" srcset=\"https:\/\/piemmechiemme.com\/wp-content\/uploads\/2018\/11\/653e14b3622a5507307ad58d4e6941b2-300x273.jpg 300w, https:\/\/piemmechiemme.com\/wp-content\/uploads\/2018\/11\/653e14b3622a5507307ad58d4e6941b2-600x545.jpg 600w, https:\/\/piemmechiemme.com\/wp-content\/uploads\/2018\/11\/653e14b3622a5507307ad58d4e6941b2.jpg 720w\" sizes=\"auto, (max-width: 300px) 100vw, 300px\" \/><\/p>\n<p>&nbsp;<\/p>\n<p style=\"text-align: justify;\">Istoriju \u010dove\u010danstva mo\u017eemo da gledamo i kao neumornu borbu za slobodu, kao stalno osvajanje raznih malih i velikih sloboda. Koraci napred-nazad nikad nisu bili cupkanje u mestu. Sloboda se ne osvaja \u010dekanjem, a borba za nju mo\u017ee da ima bilo kakav oblik, ne mora uvek da bude krvava revolucija. Ipak, uvek mora da bude vanserijska hrabrost, jer ne postoji takva borba koja ne zahteva hrabrost. Istorija je, tako\u0111e, prepuna pri\u010da o zarobljavanju i oduzimanju slobode. Na kojoj strani istorije \u0107emo da se na\u0111emo, zavisi od toga koliko smo hrabri. Da li \u0107emo biti robovi raznih stvari i ljudi, re\u017eima, svog vremena i okru\u017eenja, ili \u0107emo na\u0107i na\u010din da se hrabro borimo za slobodu?<\/p>\n<p><img loading=\"lazy\" decoding=\"async\" class=\"aligncenter size-medium wp-image-720\" src=\"https:\/\/piemmechiemme.com\/wp-content\/uploads\/2018\/11\/famous-quote-from-braveheart-famous-quote-from-braveheart-famous-quote-from-braveheart-braveheart-300x169.jpg\" alt=\"Braveheart\" width=\"300\" height=\"169\" srcset=\"https:\/\/piemmechiemme.com\/wp-content\/uploads\/2018\/11\/famous-quote-from-braveheart-famous-quote-from-braveheart-famous-quote-from-braveheart-braveheart-300x169.jpg 300w, https:\/\/piemmechiemme.com\/wp-content\/uploads\/2018\/11\/famous-quote-from-braveheart-famous-quote-from-braveheart-famous-quote-from-braveheart-braveheart-768x432.jpg 768w, https:\/\/piemmechiemme.com\/wp-content\/uploads\/2018\/11\/famous-quote-from-braveheart-famous-quote-from-braveheart-famous-quote-from-braveheart-braveheart-1024x576.jpg 1024w, https:\/\/piemmechiemme.com\/wp-content\/uploads\/2018\/11\/famous-quote-from-braveheart-famous-quote-from-braveheart-famous-quote-from-braveheart-braveheart-945x532.jpg 945w, https:\/\/piemmechiemme.com\/wp-content\/uploads\/2018\/11\/famous-quote-from-braveheart-famous-quote-from-braveheart-famous-quote-from-braveheart-braveheart-600x338.jpg 600w, https:\/\/piemmechiemme.com\/wp-content\/uploads\/2018\/11\/famous-quote-from-braveheart-famous-quote-from-braveheart-famous-quote-from-braveheart-braveheart.jpg 1920w\" sizes=\"auto, (max-width: 300px) 100vw, 300px\" \/><\/p>\n<p>&nbsp;<\/p>\n<p style=\"text-align: justify;\">Ljudi \u010desto ponavljaju frazu da se najlak\u0161e manipuli\u0161e neobrazovanima. Najlak\u0161e se manipuli\u0161e siroma\u0161nima i obespravljenima, ali lako se manipuli\u0161e i \u017eeljama. Nedavno sam videla jedan od onih postera koji se vrte po mre\u017eama, pisalo je \u2013 na va\u0161oj sahrani niko ne\u0107e govoriti o tome kako ste imali lep kau\u010d i dobre cipele. \u017drtvovati slobodu i prava za neko dobro, duh je vremena u kom \u017eivimo. Takvom \u017ertvom, robijamo na\u0161em vremenu. Niko od nas nije ostrvo za sebe, kolikogod da je neprijatna takva ideja \u2013 mi ipak \u017eivimo zajedno. Svako je istovremeno i jedinstven i deo grupe. Ono \u0161to jedan od nas uradi, ili radi, neretko se preliva na sve nas. Kad ve\u0107ina odlu\u010di da se odrekne slobode zbog kau\u010da, svi ostajemo bez slobode. Isto je i kad smo \u017ertve sopstvenog straha. Tek kad <em>robija\u0161ka stvarnost<\/em> postane brutalno plasti\u010dna, pa nevini po\u010dnu da zavr\u0161avaju iza re\u0161etaka, shvatimo da smo pogre\u0161ili ali naj\u010de\u0161\u0107e ne umemo da se oslobodimo.<\/p>\n<p style=\"text-align: justify;\">Nedavno sam otkrila ceo jedan svet borbe za prava i slobodu. Njega nisu stvorili do zuba naoru\u017eani heroji, neustra\u0161ivi borci i idealisti, ve\u0107 obi\u010dne \u017eene, doma\u0107ice. Kad je Pino\u010de uspostavio svoj re\u017eim i kad je od njega stradalo ili nestalo na desetine hiljada ljudi, \u017eene, uobi\u010dajeno manje mo\u0107ne u tim igrama, uradile su jednu veli\u010danstvenu stvar \u2013 \u0161ile su!<\/p>\n<p style=\"text-align: left;\">U memljivim crkvenim podrumima, po zatvorskim radionicama i raznim dnevnim sobama, \u010cileanke su po\u010dele da \u0161iju slike. \u0160ile su ih rukama, od komadi\u0107a sopstvene garderobe ili garderoba onih koji su nestali, i na njima vezle poruke. Pitale su gde su i da li su \u017eivi njihovi mu\u017eevi, sinovi, o\u010devi, bra\u0107a&#8230;\u0160ile su slike ljudi koji rade, koji se bune, koji robijaju. Tako su nastale <a href=\"http:\/\/craftivism.com\/blog\/week-4-of-48-weeks-of-historical-craftivism-arpilleras\/\">arpiljere<\/a>.<\/p>\n\n\t\t<style type=\"text\/css\">\n\t\t\t#gallery-1 {\n\t\t\t\tmargin: auto;\n\t\t\t}\n\t\t\t#gallery-1 .gallery-item {\n\t\t\t\tfloat: left;\n\t\t\t\tmargin-top: 10px;\n\t\t\t\ttext-align: center;\n\t\t\t\twidth: 33%;\n\t\t\t}\n\t\t\t#gallery-1 img {\n\t\t\t\tborder: 2px solid #cfcfcf;\n\t\t\t}\n\t\t\t#gallery-1 .gallery-caption {\n\t\t\t\tmargin-left: 0;\n\t\t\t}\n\t\t\t\/* see gallery_shortcode() in wp-includes\/media.php *\/\n\t\t<\/style>\n\t\t<div id='gallery-1' class='gallery galleryid-718 gallery-columns-3 gallery-size-thumbnail'><dl class='gallery-item'>\n\t\t\t<dt class='gallery-icon landscape'>\n\t\t\t\t<a href='https:\/\/piemmechiemme.com\/index.php\/2018\/11\/01\/svi-umiremo-ali-malo-nas-zivi\/9f38f6f9c2df3f23334b57e576898db5-patchwork-molas\/'><img loading=\"lazy\" decoding=\"async\" width=\"150\" height=\"150\" src=\"https:\/\/piemmechiemme.com\/wp-content\/uploads\/2018\/11\/9f38f6f9c2df3f23334b57e576898db5-patchwork-molas-150x150.jpg\" class=\"attachment-thumbnail size-thumbnail\" alt=\"arpilleras\" \/><\/a>\n\t\t\t<\/dt><\/dl><dl class='gallery-item'>\n\t\t\t<dt class='gallery-icon landscape'>\n\t\t\t\t<a href='https:\/\/piemmechiemme.com\/index.php\/2018\/11\/01\/svi-umiremo-ali-malo-nas-zivi\/arpillera2\/'><img loading=\"lazy\" decoding=\"async\" width=\"150\" height=\"150\" src=\"https:\/\/piemmechiemme.com\/wp-content\/uploads\/2018\/11\/Arpillera2-150x150.jpg\" class=\"attachment-thumbnail size-thumbnail\" alt=\"\" \/><\/a>\n\t\t\t<\/dt><\/dl><dl class='gallery-item'>\n\t\t\t<dt class='gallery-icon portrait'>\n\t\t\t\t<a href='https:\/\/piemmechiemme.com\/index.php\/2018\/11\/01\/svi-umiremo-ali-malo-nas-zivi\/e8d5ccc4-4851-52df-8ef8-333ec03bb9a4-image\/'><img loading=\"lazy\" decoding=\"async\" width=\"150\" height=\"150\" src=\"https:\/\/piemmechiemme.com\/wp-content\/uploads\/2018\/11\/e8d5ccc4-4851-52df-8ef8-333ec03bb9a4.image_-150x150.jpg\" class=\"attachment-thumbnail size-thumbnail\" alt=\"\" srcset=\"https:\/\/piemmechiemme.com\/wp-content\/uploads\/2018\/11\/e8d5ccc4-4851-52df-8ef8-333ec03bb9a4.image_-150x150.jpg 150w, https:\/\/piemmechiemme.com\/wp-content\/uploads\/2018\/11\/e8d5ccc4-4851-52df-8ef8-333ec03bb9a4.image_-300x300.jpg 300w, https:\/\/piemmechiemme.com\/wp-content\/uploads\/2018\/11\/e8d5ccc4-4851-52df-8ef8-333ec03bb9a4.image_.jpg 500w\" sizes=\"auto, (max-width: 150px) 100vw, 150px\" \/><\/a>\n\t\t\t<\/dt><\/dl><br style=\"clear: both\" \/>\n\t\t<\/div>\n\n<p style=\"text-align: justify;\">Arpiljere su ubrzo postale proizvod koji se izvozi. Tako su mnoge aktivistkinje, protivnice Pino\u010deovog re\u017eima, uspevale da obezbede egzistenciju i finansijsku samostalnost. Kada je njihov izvoz i prodaja postao zabranjen, uspe\u0161no su \u0161vercovane preko granica \u010cilea i nalazile su svoj put \u0161irom sveta. Osim toga, postale su politi\u010dki izraz rukotvoraca (craftivism), po\u010dele su da ih prave \u017eene i u drugim zemljama. Arpiljere sigurno nisu sru\u0161ile Pino\u010dea, ali \u0107e ostati zapam\u0107ene kao akt otpora i borba za slobodu, golim rukama i ve\u0161tinom. Mada bi mi dobro do\u0161ao novi kau\u010d, kau\u010d nije strana istorije na kojoj \u017eelim da budem.<\/p>\n<p><img loading=\"lazy\" decoding=\"async\" class=\"aligncenter size-full wp-image-725\" src=\"https:\/\/piemmechiemme.com\/wp-content\/uploads\/2018\/11\/images.png\" alt=\"\u0161ivenje\" width=\"225\" height=\"225\" srcset=\"https:\/\/piemmechiemme.com\/wp-content\/uploads\/2018\/11\/images.png 225w, https:\/\/piemmechiemme.com\/wp-content\/uploads\/2018\/11\/images-150x150.png 150w\" sizes=\"auto, (max-width: 225px) 100vw, 225px\" \/><\/p>\n<p style=\"text-align: justify;\">Inspirisana svim ovim, a zami\u0161ljena nad dru\u0161tvom u kom \u017eivim, napravila sam svoju prvu arpiljeru! Razmi\u0161ljala sam \u0161ta bi moglo da bude na toj prvoj. Imala sam nekoliko ideja, ali odlu\u010dila sam da krenem od<em> po\u010detka<\/em>. Pripadam jednom od balkanskih dru\u0161tava, pa delim istoriju druga\u010dijeg ropstva od onog \u010dileanskog (mada se ni od toga ba\u0161 nismo spasili). Oduvek sam se divila Kara\u0111or\u0111u. U\u017eivala sam u tome da saznam legende o njemu, o tome kako je bio div, kako je bio neubotiv, neustra\u0161iv&#8230;Kako je pobegao sa svojom \u017eenom, jer nije hteo da mu je otme neki Tur\u010din. Trebalo je biti stvarno neustra\u0161iv, skoro lud \u010dovek, pa da se u to vreme neko tako pona\u0161a. Trebalo je da ga je stvarno ba\u0161 briga \u0161ta \u0107e ko re\u0107i na njegovoj sahrani, trebalo je da se i ne veruje u sahrane. Znate, sloboda ili smrt.<\/p>\n<p style=\"text-align: justify;\">Pi\u0161em i mislim na Srbiju, jer ne smatram da imam prava da se me\u0161am u probleme drugih dr\u017eava, ali dobro znam da ih delimo. Posebno mi, obi\u010dni ljudi. Ponovo smo u nekom stanju okupacije, i mada ne verujem u to da postoji dobra dr\u017eava, ova na\u0161a je posebno lo\u0161a. Oduzimanje \u0161ansi, nemilosrdno uni\u0161tavanje \u017eivota i sudbina, otimanje perspektive, sve to nije ni za raspravu o dobroj dr\u017eavi. Mi smo, na kraju, ta, ili te, dr\u017eave. Vlastodr\u0161ci \u017eive od nas, i \u0161to nas vi\u0161e ugnjetavaju, \u017eive sve bolje. Kako ne prizivati duh Kara\u0111or\u0111a?<\/p>\n\n\t\t<style type=\"text\/css\">\n\t\t\t#gallery-2 {\n\t\t\t\tmargin: auto;\n\t\t\t}\n\t\t\t#gallery-2 .gallery-item {\n\t\t\t\tfloat: left;\n\t\t\t\tmargin-top: 10px;\n\t\t\t\ttext-align: center;\n\t\t\t\twidth: 33%;\n\t\t\t}\n\t\t\t#gallery-2 img {\n\t\t\t\tborder: 2px solid #cfcfcf;\n\t\t\t}\n\t\t\t#gallery-2 .gallery-caption {\n\t\t\t\tmargin-left: 0;\n\t\t\t}\n\t\t\t\/* see gallery_shortcode() in wp-includes\/media.php *\/\n\t\t<\/style>\n\t\t<div id='gallery-2' class='gallery galleryid-718 gallery-columns-3 gallery-size-large'><dl class='gallery-item'>\n\t\t\t<dt class='gallery-icon portrait'>\n\t\t\t\t<a href='https:\/\/piemmechiemme.com\/index.php\/2018\/11\/01\/svi-umiremo-ali-malo-nas-zivi\/img_8964\/'><img loading=\"lazy\" decoding=\"async\" width=\"676\" height=\"1014\" src=\"https:\/\/piemmechiemme.com\/wp-content\/uploads\/2018\/11\/IMG_8964-683x1024.jpg\" class=\"attachment-large size-large\" alt=\"\" srcset=\"https:\/\/piemmechiemme.com\/wp-content\/uploads\/2018\/11\/IMG_8964-683x1024.jpg 683w, https:\/\/piemmechiemme.com\/wp-content\/uploads\/2018\/11\/IMG_8964-200x300.jpg 200w, https:\/\/piemmechiemme.com\/wp-content\/uploads\/2018\/11\/IMG_8964-768x1152.jpg 768w, https:\/\/piemmechiemme.com\/wp-content\/uploads\/2018\/11\/IMG_8964-945x1418.jpg 945w, https:\/\/piemmechiemme.com\/wp-content\/uploads\/2018\/11\/IMG_8964-600x900.jpg 600w\" sizes=\"auto, (max-width: 676px) 100vw, 676px\" \/><\/a>\n\t\t\t<\/dt><\/dl><dl class='gallery-item'>\n\t\t\t<dt class='gallery-icon portrait'>\n\t\t\t\t<a href='https:\/\/piemmechiemme.com\/index.php\/2018\/11\/01\/svi-umiremo-ali-malo-nas-zivi\/img_8965\/'><img loading=\"lazy\" decoding=\"async\" width=\"676\" height=\"1014\" src=\"https:\/\/piemmechiemme.com\/wp-content\/uploads\/2018\/11\/IMG_8965-683x1024.jpg\" class=\"attachment-large size-large\" alt=\"\" srcset=\"https:\/\/piemmechiemme.com\/wp-content\/uploads\/2018\/11\/IMG_8965-683x1024.jpg 683w, https:\/\/piemmechiemme.com\/wp-content\/uploads\/2018\/11\/IMG_8965-200x300.jpg 200w, https:\/\/piemmechiemme.com\/wp-content\/uploads\/2018\/11\/IMG_8965-768x1152.jpg 768w, https:\/\/piemmechiemme.com\/wp-content\/uploads\/2018\/11\/IMG_8965-945x1418.jpg 945w, https:\/\/piemmechiemme.com\/wp-content\/uploads\/2018\/11\/IMG_8965-600x900.jpg 600w\" sizes=\"auto, (max-width: 676px) 100vw, 676px\" \/><\/a>\n\t\t\t<\/dt><\/dl><dl class='gallery-item'>\n\t\t\t<dt class='gallery-icon landscape'>\n\t\t\t\t<a href='https:\/\/piemmechiemme.com\/index.php\/2018\/11\/01\/svi-umiremo-ali-malo-nas-zivi\/img_8967\/'><img loading=\"lazy\" decoding=\"async\" width=\"676\" height=\"451\" src=\"https:\/\/piemmechiemme.com\/wp-content\/uploads\/2018\/11\/IMG_8967-1024x683.jpg\" class=\"attachment-large size-large\" alt=\"\" srcset=\"https:\/\/piemmechiemme.com\/wp-content\/uploads\/2018\/11\/IMG_8967-1024x683.jpg 1024w, https:\/\/piemmechiemme.com\/wp-content\/uploads\/2018\/11\/IMG_8967-300x200.jpg 300w, https:\/\/piemmechiemme.com\/wp-content\/uploads\/2018\/11\/IMG_8967-768x512.jpg 768w, https:\/\/piemmechiemme.com\/wp-content\/uploads\/2018\/11\/IMG_8967-945x630.jpg 945w, https:\/\/piemmechiemme.com\/wp-content\/uploads\/2018\/11\/IMG_8967-600x400.jpg 600w\" sizes=\"auto, (max-width: 676px) 100vw, 676px\" \/><\/a>\n\t\t\t<\/dt><\/dl><br style=\"clear: both\" \/><dl class='gallery-item'>\n\t\t\t<dt class='gallery-icon landscape'>\n\t\t\t\t<a href='https:\/\/piemmechiemme.com\/index.php\/2018\/11\/01\/svi-umiremo-ali-malo-nas-zivi\/img_8968\/'><img loading=\"lazy\" decoding=\"async\" width=\"676\" height=\"451\" src=\"https:\/\/piemmechiemme.com\/wp-content\/uploads\/2018\/11\/IMG_8968-1024x683.jpg\" class=\"attachment-large size-large\" alt=\"\" srcset=\"https:\/\/piemmechiemme.com\/wp-content\/uploads\/2018\/11\/IMG_8968-1024x683.jpg 1024w, https:\/\/piemmechiemme.com\/wp-content\/uploads\/2018\/11\/IMG_8968-300x200.jpg 300w, https:\/\/piemmechiemme.com\/wp-content\/uploads\/2018\/11\/IMG_8968-768x512.jpg 768w, https:\/\/piemmechiemme.com\/wp-content\/uploads\/2018\/11\/IMG_8968-945x630.jpg 945w, https:\/\/piemmechiemme.com\/wp-content\/uploads\/2018\/11\/IMG_8968-600x400.jpg 600w\" sizes=\"auto, (max-width: 676px) 100vw, 676px\" \/><\/a>\n\t\t\t<\/dt><\/dl><dl class='gallery-item'>\n\t\t\t<dt class='gallery-icon landscape'>\n\t\t\t\t<a href='https:\/\/piemmechiemme.com\/index.php\/2018\/11\/01\/svi-umiremo-ali-malo-nas-zivi\/img_8969\/'><img loading=\"lazy\" decoding=\"async\" width=\"676\" height=\"451\" src=\"https:\/\/piemmechiemme.com\/wp-content\/uploads\/2018\/11\/IMG_8969-1024x683.jpg\" class=\"attachment-large size-large\" alt=\"\" srcset=\"https:\/\/piemmechiemme.com\/wp-content\/uploads\/2018\/11\/IMG_8969-1024x683.jpg 1024w, https:\/\/piemmechiemme.com\/wp-content\/uploads\/2018\/11\/IMG_8969-300x200.jpg 300w, https:\/\/piemmechiemme.com\/wp-content\/uploads\/2018\/11\/IMG_8969-768x512.jpg 768w, https:\/\/piemmechiemme.com\/wp-content\/uploads\/2018\/11\/IMG_8969-945x630.jpg 945w, https:\/\/piemmechiemme.com\/wp-content\/uploads\/2018\/11\/IMG_8969-600x400.jpg 600w\" sizes=\"auto, (max-width: 676px) 100vw, 676px\" \/><\/a>\n\t\t\t<\/dt><\/dl><dl class='gallery-item'>\n\t\t\t<dt class='gallery-icon landscape'>\n\t\t\t\t<a href='https:\/\/piemmechiemme.com\/index.php\/2018\/11\/01\/svi-umiremo-ali-malo-nas-zivi\/img_8970\/'><img loading=\"lazy\" decoding=\"async\" width=\"676\" height=\"451\" src=\"https:\/\/piemmechiemme.com\/wp-content\/uploads\/2018\/11\/IMG_8970-1024x683.jpg\" class=\"attachment-large size-large\" alt=\"\" srcset=\"https:\/\/piemmechiemme.com\/wp-content\/uploads\/2018\/11\/IMG_8970-1024x683.jpg 1024w, https:\/\/piemmechiemme.com\/wp-content\/uploads\/2018\/11\/IMG_8970-300x200.jpg 300w, https:\/\/piemmechiemme.com\/wp-content\/uploads\/2018\/11\/IMG_8970-768x512.jpg 768w, https:\/\/piemmechiemme.com\/wp-content\/uploads\/2018\/11\/IMG_8970-945x630.jpg 945w, https:\/\/piemmechiemme.com\/wp-content\/uploads\/2018\/11\/IMG_8970-600x400.jpg 600w\" sizes=\"auto, (max-width: 676px) 100vw, 676px\" \/><\/a>\n\t\t\t<\/dt><\/dl><br style=\"clear: both\" \/><dl class='gallery-item'>\n\t\t\t<dt class='gallery-icon landscape'>\n\t\t\t\t<a href='https:\/\/piemmechiemme.com\/index.php\/2018\/11\/01\/svi-umiremo-ali-malo-nas-zivi\/img_8971\/'><img loading=\"lazy\" decoding=\"async\" width=\"676\" height=\"451\" src=\"https:\/\/piemmechiemme.com\/wp-content\/uploads\/2018\/11\/IMG_8971-1024x683.jpg\" class=\"attachment-large size-large\" alt=\"\" srcset=\"https:\/\/piemmechiemme.com\/wp-content\/uploads\/2018\/11\/IMG_8971-1024x683.jpg 1024w, https:\/\/piemmechiemme.com\/wp-content\/uploads\/2018\/11\/IMG_8971-300x200.jpg 300w, https:\/\/piemmechiemme.com\/wp-content\/uploads\/2018\/11\/IMG_8971-768x512.jpg 768w, https:\/\/piemmechiemme.com\/wp-content\/uploads\/2018\/11\/IMG_8971-945x630.jpg 945w, https:\/\/piemmechiemme.com\/wp-content\/uploads\/2018\/11\/IMG_8971-600x400.jpg 600w\" sizes=\"auto, (max-width: 676px) 100vw, 676px\" \/><\/a>\n\t\t\t<\/dt><\/dl><dl class='gallery-item'>\n\t\t\t<dt class='gallery-icon portrait'>\n\t\t\t\t<a href='https:\/\/piemmechiemme.com\/index.php\/2018\/11\/01\/svi-umiremo-ali-malo-nas-zivi\/img_8973\/'><img loading=\"lazy\" decoding=\"async\" width=\"676\" height=\"1014\" src=\"https:\/\/piemmechiemme.com\/wp-content\/uploads\/2018\/11\/IMG_8973-683x1024.jpg\" class=\"attachment-large size-large\" alt=\"\" srcset=\"https:\/\/piemmechiemme.com\/wp-content\/uploads\/2018\/11\/IMG_8973-683x1024.jpg 683w, https:\/\/piemmechiemme.com\/wp-content\/uploads\/2018\/11\/IMG_8973-200x300.jpg 200w, https:\/\/piemmechiemme.com\/wp-content\/uploads\/2018\/11\/IMG_8973-768x1152.jpg 768w, https:\/\/piemmechiemme.com\/wp-content\/uploads\/2018\/11\/IMG_8973-945x1418.jpg 945w, https:\/\/piemmechiemme.com\/wp-content\/uploads\/2018\/11\/IMG_8973-600x900.jpg 600w\" sizes=\"auto, (max-width: 676px) 100vw, 676px\" \/><\/a>\n\t\t\t<\/dt><\/dl><dl class='gallery-item'>\n\t\t\t<dt class='gallery-icon portrait'>\n\t\t\t\t<a href='https:\/\/piemmechiemme.com\/index.php\/2018\/11\/01\/svi-umiremo-ali-malo-nas-zivi\/img_8974\/'><img loading=\"lazy\" decoding=\"async\" width=\"676\" height=\"1014\" src=\"https:\/\/piemmechiemme.com\/wp-content\/uploads\/2018\/11\/IMG_8974-683x1024.jpg\" class=\"attachment-large size-large\" alt=\"\" srcset=\"https:\/\/piemmechiemme.com\/wp-content\/uploads\/2018\/11\/IMG_8974-683x1024.jpg 683w, https:\/\/piemmechiemme.com\/wp-content\/uploads\/2018\/11\/IMG_8974-200x300.jpg 200w, https:\/\/piemmechiemme.com\/wp-content\/uploads\/2018\/11\/IMG_8974-768x1152.jpg 768w, https:\/\/piemmechiemme.com\/wp-content\/uploads\/2018\/11\/IMG_8974-945x1418.jpg 945w, https:\/\/piemmechiemme.com\/wp-content\/uploads\/2018\/11\/IMG_8974-600x900.jpg 600w\" sizes=\"auto, (max-width: 676px) 100vw, 676px\" \/><\/a>\n\t\t\t<\/dt><\/dl><br style=\"clear: both\" \/>\n\t\t<\/div>\n\n<p>&nbsp;<\/p>\n<p>&nbsp;<\/p>\n","protected":false},"excerpt":{"rendered":"<p>Svakodnevno razgovaram sa raznim ljudima. Vi koji mi komentari\u0161ete pri\u010de, pi\u0161ete u vezi sa kaputi\u0107em ili komentari\u0161ete statuse na mom profilu; Sa ljudima koje dugo poznajem, sa prijateljima, poznanicima, sa onima sa kojima sara\u0111ujem\u2026Nisam upoznala nikoga ko ne voli i&#8230; <a class=\"more-link\" href=\"https:\/\/piemmechiemme.com\/index.php\/2018\/11\/01\/svi-umiremo-ali-malo-nas-zivi\/\"> Continue Reading &rarr;<\/a><\/p>\n","protected":false},"author":1,"featured_media":726,"comment_status":"open","ping_status":"open","sticky":false,"template":"","format":"standard","meta":{"footnotes":""},"categories":[17,1,23],"tags":[6,10,5,7,35,36],"class_list":["post-718","post","type-post","status-publish","format-standard","has-post-thumbnail","hentry","category-inspiracija","category-opsti","category-sivenje","tag-heklanje","tag-ideje","tag-inspiracija","tag-kreativnost","tag-rucni-rad","tag-unikat"],"_links":{"self":[{"href":"https:\/\/piemmechiemme.com\/index.php\/wp-json\/wp\/v2\/posts\/718","targetHints":{"allow":["GET"]}}],"collection":[{"href":"https:\/\/piemmechiemme.com\/index.php\/wp-json\/wp\/v2\/posts"}],"about":[{"href":"https:\/\/piemmechiemme.com\/index.php\/wp-json\/wp\/v2\/types\/post"}],"author":[{"embeddable":true,"href":"https:\/\/piemmechiemme.com\/index.php\/wp-json\/wp\/v2\/users\/1"}],"replies":[{"embeddable":true,"href":"https:\/\/piemmechiemme.com\/index.php\/wp-json\/wp\/v2\/comments?post=718"}],"version-history":[{"count":1,"href":"https:\/\/piemmechiemme.com\/index.php\/wp-json\/wp\/v2\/posts\/718\/revisions"}],"predecessor-version":[{"id":735,"href":"https:\/\/piemmechiemme.com\/index.php\/wp-json\/wp\/v2\/posts\/718\/revisions\/735"}],"wp:featuredmedia":[{"embeddable":true,"href":"https:\/\/piemmechiemme.com\/index.php\/wp-json\/wp\/v2\/media\/726"}],"wp:attachment":[{"href":"https:\/\/piemmechiemme.com\/index.php\/wp-json\/wp\/v2\/media?parent=718"}],"wp:term":[{"taxonomy":"category","embeddable":true,"href":"https:\/\/piemmechiemme.com\/index.php\/wp-json\/wp\/v2\/categories?post=718"},{"taxonomy":"post_tag","embeddable":true,"href":"https:\/\/piemmechiemme.com\/index.php\/wp-json\/wp\/v2\/tags?post=718"}],"curies":[{"name":"wp","href":"https:\/\/api.w.org\/{rel}","templated":true}]}}